{"id":7120,"date":"2020-07-09T16:19:27","date_gmt":"2020-07-09T16:19:27","guid":{"rendered":"http:\/\/blnebebr.serveur04.com\/br\/blog\/?p=7120"},"modified":"2020-07-09T16:19:27","modified_gmt":"2020-07-09T16:19:27","slug":"consumo-sustentabilidade","status":"publish","type":"post","link":"https:\/\/www.netbet.com\/br\/blog\/2020\/07\/09\/consumo-sustentabilidade\/","title":{"rendered":"A rela\u00e7\u00e3o entre consumo e sustentabilidade dos fabricantes de autom\u00f3veis e o aquecimento global"},"content":{"rendered":"<p><img loading=\"lazy\" decoding=\"async\" class=\"aligncenter size-full wp-image-7123\" src=\"http:\/\/blnebebr.serveur04.com\/br\/blog\/wp-content\/uploads\/2020\/07\/car-logos.jpg\" alt=\"\" width=\"1230\" height=\"630\" srcset=\"https:\/\/www.netbet.com\/br\/blog\/wp-content\/uploads\/2020\/07\/car-logos.jpg 1230w, https:\/\/www.netbet.com\/br\/blog\/wp-content\/uploads\/2020\/07\/car-logos-300x154.jpg 300w, https:\/\/www.netbet.com\/br\/blog\/wp-content\/uploads\/2020\/07\/car-logos-1024x524.jpg 1024w, https:\/\/www.netbet.com\/br\/blog\/wp-content\/uploads\/2020\/07\/car-logos-768x393.jpg 768w, https:\/\/www.netbet.com\/br\/blog\/wp-content\/uploads\/2020\/07\/car-logos-990x507.jpg 990w\" sizes=\"auto, (max-width: 1230px) 100vw, 1230px\" \/><\/p>\n<p>Nem mesmo o isolamento foi suficiente para diminuir os efeitos da mudan\u00e7as clim\u00e1ticas relacionadas ao aquecimento global. O ano de 2020 deve bater os recordes negativos de 2016 como o ano mais quente desde o in\u00edcio das medi\u00e7\u00f5es, e o ac\u00famulo de mon\u00f3xido de carbono na atmosfera atingiu o maior n\u00edvel da hist\u00f3ria.<\/p>\n<p>E se h\u00e1 uma ind\u00fastria fundamental para essa redu\u00e7\u00e3o, essa \u00e9 a ind\u00fastria automotiva. Em um levantamento realizado pela NetBet, para conscientizar e ajudar a combater o aquecimento global, o <a href=\"https:\/\/www.netbet.com\/br\/relatorio-de-emissoes-automotivas\/\" target=\"_blank\" rel=\"noopener noreferrer\">Relat\u00f3rio de Emiss\u00f5es Automotivas<\/a>, ficou claro que o setor de transportes \u00e9 respons\u00e1vel por quase 30% do total de emiss\u00f5es de gases de efeito estufa da UE, ou seja, quase um ter\u00e7o do total dos danos ao meio ambiente nessa rela\u00e7\u00e3o entre consumo e sustentabilidade dos fabricantes de autom\u00f3veis e o aquecimento global.<\/p>\n<h2>As eventuais multas por conta das emiss\u00f5es veiculares<\/h2>\n<p>\u00c9 fato que as empresas t\u00eam se esfor\u00e7ado para produzir mais ve\u00edculos h\u00edbridos e el\u00e9tricos, investindo nessas tecnologias, como meio de reduzir suas emiss\u00f5es veiculares. Mas basta uma breve an\u00e1lise do estudo para perceber que nenhum dos dez fabricantes de autom\u00f3veis mais vendidos atualmente cumpre a meta de emiss\u00f5es m\u00e9dias da UE para 2021, nessa complicada rela\u00e7\u00e3o entre consumo e sustentabilidade.<\/p>\n<p>A m\u00e9dia de emiss\u00f5es de CO2 para cada marca \u00e9 determinada pelo Greenpeace. O custo para compensar as emiss\u00f5es est\u00e1 relacionado ao custo m\u00e9dio de retirada de CO2 da atmosfera, a 150 euros por tonelada. Os custos anuais e de vida \u00fatil dos modelos emblem\u00e1ticos s\u00e3o baseados nas emiss\u00f5es de cada motor, conforme estipulado pelos fabricantes.<\/p>\n<p>Juntos, os dez fabricantes podem enfrentar multas anuais em um total de impressionantes 424 bilh\u00f5es de euros, o que representaria 39.43% do total da receita anual dos dez maiores fabricantes.<\/p>\n<p><img loading=\"lazy\" decoding=\"async\" class=\"aligncenter size-full wp-image-7122\" src=\"http:\/\/blnebebr.serveur04.com\/br\/blog\/wp-content\/uploads\/2020\/07\/9-1.jpg\" alt=\"\" width=\"1230\" height=\"630\" srcset=\"https:\/\/www.netbet.com\/br\/blog\/wp-content\/uploads\/2020\/07\/9-1.jpg 1230w, https:\/\/www.netbet.com\/br\/blog\/wp-content\/uploads\/2020\/07\/9-1-300x154.jpg 300w, https:\/\/www.netbet.com\/br\/blog\/wp-content\/uploads\/2020\/07\/9-1-1024x524.jpg 1024w, https:\/\/www.netbet.com\/br\/blog\/wp-content\/uploads\/2020\/07\/9-1-768x393.jpg 768w, https:\/\/www.netbet.com\/br\/blog\/wp-content\/uploads\/2020\/07\/9-1-990x507.jpg 990w\" sizes=\"auto, (max-width: 1230px) 100vw, 1230px\" \/><\/p>\n<p>Se levarmos em conta somente as emiss\u00f5es m\u00e9dias da frota, a <a href=\"https:\/\/www.netbet.com\/br\/relatorio-de-emissoes-automotivas\/manufacturer\/daimler-ag\/\" target=\"_blank\" rel=\"noopener noreferrer\">Daimler AG<\/a>, dona das marcas Mercedes-Benz, Smart e AMG, \u00e9 a fabricante mais longe da meta da UE para 2021, com uma emiss\u00e3o m\u00e9dia de 137 g CO2\/km, o que representaria eventuais multas anuais de 13,3 bilh\u00f5es de euros para a empresa. Isso, sem contar os 29,4 bilh\u00f5es para compensar as emiss\u00f5es m\u00e9dias dos modelos vendidos no per\u00edodo, na rela\u00e7\u00e3o entre consumo e sustentabilidade, longe de encontrar um denominador comum.<\/p>\n<p>A fabricante que pode enfrentar as maiores eventuais multas anuais \u00e9 a <a href=\"https:\/\/www.netbet.com\/br\/relatorio-de-emissoes-automotivas\/manufacturer\/volkswagen-group\/\" target=\"_blank\" rel=\"noopener noreferrer\">Volkswagen Group<\/a>, que al\u00e9m da pr\u00f3pria VW, det\u00e9m as marcas Audi, Porsche, Skoda, Bentley, Bugatti, Lamborghini, Ducati, Scania, MAN e SEAT, em um total de 30,2 bilh\u00f5es de euros. As emiss\u00f5es m\u00e9dias da frota tamb\u00e9m est\u00e3o entre as piores dos dez maiores fabricantes, com 124 g CO2\/km. As vendas do VW Group s\u00e3o as maiores, com isso, o custo para compensa\u00e7\u00e3o das emiss\u00f5es desses modelos, na rela\u00e7\u00e3o entre consumo e sustentabilidade, seriam de 88,5 bilh\u00f5es de euros.<\/p>\n<p>Os n\u00fameros revelados pelo Relat\u00f3rio de Emiss\u00f5es Automotivas da NetBet s\u00e3o preocupantes e apesar dos esfor\u00e7os das fabricantes para implementar novas tecnologias e desenvolver menos carros poluentes, para tornar o planeta sustent\u00e1vel, todas ainda est\u00e3o longe de atingir a meta da UE para 2021. Ainda \u00e9 preciso melhorar consideravelmente a rela\u00e7\u00e3o entre consumo e sustentabilidade, para que de fato, tenhamos um consumo sustent\u00e1vel.<\/p>\n<h2>Os mais poluentes na rela\u00e7\u00e3o entre consumo e sustentabilidade<\/h2>\n<p><img loading=\"lazy\" decoding=\"async\" class=\"aligncenter size-full wp-image-7124\" src=\"http:\/\/blnebebr.serveur04.com\/br\/blog\/wp-content\/uploads\/2020\/07\/car-pollution.jpg\" alt=\"\" width=\"1024\" height=\"524\" srcset=\"https:\/\/www.netbet.com\/br\/blog\/wp-content\/uploads\/2020\/07\/car-pollution.jpg 1024w, https:\/\/www.netbet.com\/br\/blog\/wp-content\/uploads\/2020\/07\/car-pollution-300x154.jpg 300w, https:\/\/www.netbet.com\/br\/blog\/wp-content\/uploads\/2020\/07\/car-pollution-768x393.jpg 768w, https:\/\/www.netbet.com\/br\/blog\/wp-content\/uploads\/2020\/07\/car-pollution-990x507.jpg 990w\" sizes=\"auto, (max-width: 1024px) 100vw, 1024px\" \/><\/p>\n<p>Quando se trata de consumo sustent\u00e1vel, nenhuma das 10 maiores fabricantes automotivas est\u00e3o perto de atingir a meta de emiss\u00f5es da UE para 2021. Para considerarmos o consume respons\u00e1vel, e para causarem menos impacto em mudan\u00e7as clim\u00e1ticas globais, ainda \u00e9 preciso diminuir consideravelmente as emiss\u00f5es de gases poluentes. E apesar disso, algumas fabricantes est\u00e3o se saindo melhor do que outras.<\/p>\n<p>A <a href=\"https:\/\/www.netbet.com\/br\/relatorio-de-emissoes-automotivas\/manufacturer\/toyota-industries\/\" target=\"_blank\" rel=\"noopener noreferrer\">Toyota<\/a>, por exemplo, \u00e9 a mais pr\u00f3xima da meta da UE para 2021 (95 g CO2\/km), com emiss\u00f5es m\u00e9dias da frota em 101 g CO2\/km. Na sequ\u00eancia entre as \u201cmenos piores\u201d est\u00e3o <a href=\"https:\/\/www.netbet.com\/br\/relatorio-de-emissoes-automotivas\/manufacturer\/renault\/\" target=\"_blank\" rel=\"noopener noreferrer\">Renault<\/a>, com emiss\u00f5es m\u00e9dias da frota em 113 g CO2\/km, e <a href=\"https:\/\/www.netbet.com\/br\/relatorio-de-emissoes-automotivas\/manufacturer\/grupo-psa\/\" target=\"_blank\" rel=\"noopener noreferrer\">PSA Group<\/a>, com emiss\u00f5es m\u00e9dias da frota em 114 g CO2\/km.<\/p>\n<p>A Daimler AG \u00e9 a mais poluente no momento, com emiss\u00f5es m\u00e9dias da frota em 137 g CO2\/km. Na sequ\u00eancia est\u00e3o <a href=\"https:\/\/www.netbet.com\/br\/relatorio-de-emissoes-automotivas\/manufacturer\/mazda-motor-corporation\/\" target=\"_blank\" rel=\"noopener noreferrer\">Mazda Motor Corporation<\/a> com emiss\u00f5es m\u00e9dias da frota em 135 g CO2\/km, e <a href=\"https:\/\/www.netbet.com\/br\/relatorio-de-emissoes-automotivas\/manufacturer\/bmw\/\" target=\"_blank\" rel=\"noopener noreferrer\">BMW<\/a>, com emiss\u00f5es m\u00e9dias da frota em 127 g CO2\/km. \u00c9 curioso, que no geral, a BMW est\u00e1 entre as mais poluentes, mas em contrapartida, produz dois modelos que est\u00e3o entre menos poluentes do mercado, o Series 2 e o Mini Hatch.<\/p>\n","protected":false},"excerpt":{"rendered":"<p>Nem mesmo o isolamento foi suficiente para diminuir os efeitos da mudan\u00e7as clim\u00e1ticas relacionadas ao aquecimento global. O ano de 2020 deve bater os recordes negativos de 2016 como o ano mais quente desde o in\u00edcio das medi\u00e7\u00f5es, e o ac\u00famulo de mon\u00f3xido de carbono na atmosfera atingiu o maior n\u00edvel da hist\u00f3ria. E se [&hellip;]<\/p>\n","protected":false},"author":2,"featured_media":7123,"comment_status":"closed","ping_status":"open","sticky":false,"template":"","format":"standard","meta":{"_acf_changed":false,"footnotes":""},"categories":[614],"tags":[1703,1714,1706,1712,1710,1701,1702,1700,1709,1708,1713,1707,1704,1705,1711,1716,1715],"class_list":["post-7120","post","type-post","status-publish","format-standard","has-post-thumbnail","hentry","category-noticias","tag-aquecimento-global","tag-carros","tag-carros-poluentes","tag-como-ser-sustentavel","tag-consumo-consciente-e-sustentabilidade","tag-consumo-e-sustentabilidade","tag-consumo-responsavel","tag-consumo-sustentavel","tag-emissao-de-gases-poluentes","tag-emissoes-veiculares","tag-fabricantes-automotivas","tag-impactos-das-mudancas-climaticas","tag-mudancas-climaticas-globais","tag-mudancas-climaticas-no-mundo","tag-planeta-sustentavel","tag-poluicao","tag-veiculos"],"acf":[],"yoast_head":"<!-- This site is optimized with the Yoast SEO plugin v26.9 - https:\/\/yoast.com\/product\/yoast-seo-wordpress\/ -->\n<title>A rela\u00e7\u00e3o entre consumo e sustentabilidade dos fabricantes de autom\u00f3veis e o aquecimento global | NetBet BR Blog<\/title>\n<meta name=\"description\" content=\"Em um levantamento realizado pela NetBet, ficou claro que quase um ter\u00e7o do total dos danos ao meio ambiente na rela\u00e7\u00e3o entre consumo e sustentabilidade...\" \/>\n<meta name=\"robots\" content=\"index, follow, max-snippet:-1, max-image-preview:large, max-video-preview:-1\" \/>\n<link rel=\"canonical\" href=\"https:\/\/www.netbet.com\/br\/blog\/2020\/07\/09\/consumo-sustentabilidade\/\" \/>\n<meta property=\"og:locale\" content=\"pt_BR\" \/>\n<meta property=\"og:type\" content=\"article\" \/>\n<meta property=\"og:title\" content=\"A rela\u00e7\u00e3o entre consumo e sustentabilidade dos fabricantes de autom\u00f3veis e o aquecimento global | NetBet BR Blog\" \/>\n<meta property=\"og:description\" content=\"Em um levantamento realizado pela NetBet, ficou claro que quase um ter\u00e7o do total dos danos ao meio ambiente na rela\u00e7\u00e3o entre consumo e sustentabilidade...\" \/>\n<meta property=\"og:url\" content=\"https:\/\/www.netbet.com\/br\/blog\/2020\/07\/09\/consumo-sustentabilidade\/\" \/>\n<meta property=\"og:site_name\" content=\"NetBet BR Blog\" \/>\n<meta property=\"article:publisher\" content=\"https:\/\/www.facebook.com\/netbetcom\" \/>\n<meta property=\"article:published_time\" content=\"2020-07-09T16:19:27+00:00\" \/>\n<meta property=\"og:image\" content=\"https:\/\/www.netbet.com\/br\/blog\/wp-content\/uploads\/2020\/07\/car-logos.jpg\" \/>\n\t<meta property=\"og:image:width\" content=\"1230\" \/>\n\t<meta property=\"og:image:height\" content=\"630\" \/>\n\t<meta property=\"og:image:type\" content=\"image\/jpeg\" \/>\n<meta name=\"author\" content=\"admin\" \/>\n<meta name=\"twitter:card\" content=\"summary_large_image\" \/>\n<meta name=\"twitter:creator\" content=\"@netbet\" \/>\n<meta name=\"twitter:site\" content=\"@netbet\" \/>\n<meta name=\"twitter:label1\" content=\"Escrito por\" \/>\n\t<meta name=\"twitter:data1\" content=\"admin\" \/>\n\t<meta name=\"twitter:label2\" content=\"Est. tempo de leitura\" \/>\n\t<meta name=\"twitter:data2\" content=\"4 minutos\" \/>\n<script type=\"application\/ld+json\" class=\"yoast-schema-graph\">{\"@context\":\"https:\/\/schema.org\",\"@graph\":[{\"@type\":\"Article\",\"@id\":\"https:\/\/www.netbet.com\/br\/blog\/2020\/07\/09\/consumo-sustentabilidade\/#article\",\"isPartOf\":{\"@id\":\"https:\/\/www.netbet.com\/br\/blog\/2020\/07\/09\/consumo-sustentabilidade\/\"},\"author\":{\"name\":\"admin\",\"@id\":\"https:\/\/www.netbet.com\/br\/blog\/#\/schema\/person\/71d5438006361e929a12bc7a97d4728e\"},\"headline\":\"A rela\u00e7\u00e3o entre consumo e sustentabilidade dos fabricantes de autom\u00f3veis e o aquecimento global\",\"datePublished\":\"2020-07-09T16:19:27+00:00\",\"mainEntityOfPage\":{\"@id\":\"https:\/\/www.netbet.com\/br\/blog\/2020\/07\/09\/consumo-sustentabilidade\/\"},\"wordCount\":809,\"publisher\":{\"@id\":\"https:\/\/www.netbet.com\/br\/blog\/#organization\"},\"image\":{\"@id\":\"https:\/\/www.netbet.com\/br\/blog\/2020\/07\/09\/consumo-sustentabilidade\/#primaryimage\"},\"thumbnailUrl\":\"https:\/\/www.netbet.com\/br\/blog\/wp-content\/uploads\/2020\/07\/car-logos.jpg\",\"keywords\":[\"aquecimento global\",\"carros\",\"carros poluentes\",\"como ser sustentavel\",\"consumo consciente e sustentabilidade\",\"consumo e sustentabilidade\",\"consumo respons\u00e1vel\",\"consumo sustent\u00e1vel\",\"emiss\u00e3o de gases poluentes\",\"emiss\u00f5es veiculares\",\"fabricantes automotivas\",\"impactos das mudan\u00e7as climaticas\",\"mudan\u00e7as climaticas globais\",\"mudan\u00e7as climaticas no mundo\",\"planeta sustent\u00e1vel\",\"poluicao\",\"veiculos\"],\"articleSection\":[\"Not\u00edcias\"],\"inLanguage\":\"pt-BR\"},{\"@type\":\"WebPage\",\"@id\":\"https:\/\/www.netbet.com\/br\/blog\/2020\/07\/09\/consumo-sustentabilidade\/\",\"url\":\"https:\/\/www.netbet.com\/br\/blog\/2020\/07\/09\/consumo-sustentabilidade\/\",\"name\":\"A rela\u00e7\u00e3o entre consumo e sustentabilidade dos fabricantes de autom\u00f3veis e o aquecimento global | NetBet BR Blog\",\"isPartOf\":{\"@id\":\"https:\/\/www.netbet.com\/br\/blog\/#website\"},\"primaryImageOfPage\":{\"@id\":\"https:\/\/www.netbet.com\/br\/blog\/2020\/07\/09\/consumo-sustentabilidade\/#primaryimage\"},\"image\":{\"@id\":\"https:\/\/www.netbet.com\/br\/blog\/2020\/07\/09\/consumo-sustentabilidade\/#primaryimage\"},\"thumbnailUrl\":\"https:\/\/www.netbet.com\/br\/blog\/wp-content\/uploads\/2020\/07\/car-logos.jpg\",\"datePublished\":\"2020-07-09T16:19:27+00:00\",\"description\":\"Em um levantamento realizado pela NetBet, ficou claro que quase um ter\u00e7o do total dos danos ao meio ambiente na rela\u00e7\u00e3o entre consumo e sustentabilidade...\",\"breadcrumb\":{\"@id\":\"https:\/\/www.netbet.com\/br\/blog\/2020\/07\/09\/consumo-sustentabilidade\/#breadcrumb\"},\"inLanguage\":\"pt-BR\",\"potentialAction\":[{\"@type\":\"ReadAction\",\"target\":[\"https:\/\/www.netbet.com\/br\/blog\/2020\/07\/09\/consumo-sustentabilidade\/\"]}]},{\"@type\":\"ImageObject\",\"inLanguage\":\"pt-BR\",\"@id\":\"https:\/\/www.netbet.com\/br\/blog\/2020\/07\/09\/consumo-sustentabilidade\/#primaryimage\",\"url\":\"https:\/\/www.netbet.com\/br\/blog\/wp-content\/uploads\/2020\/07\/car-logos.jpg\",\"contentUrl\":\"https:\/\/www.netbet.com\/br\/blog\/wp-content\/uploads\/2020\/07\/car-logos.jpg\",\"width\":1230,\"height\":630},{\"@type\":\"BreadcrumbList\",\"@id\":\"https:\/\/www.netbet.com\/br\/blog\/2020\/07\/09\/consumo-sustentabilidade\/#breadcrumb\",\"itemListElement\":[{\"@type\":\"ListItem\",\"position\":1,\"name\":\"Home\",\"item\":\"https:\/\/www.netbet.com\/br\/blog\/\"},{\"@type\":\"ListItem\",\"position\":2,\"name\":\"A rela\u00e7\u00e3o entre consumo e sustentabilidade dos fabricantes de autom\u00f3veis e o aquecimento global\"}]},{\"@type\":\"WebSite\",\"@id\":\"https:\/\/www.netbet.com\/br\/blog\/#website\",\"url\":\"https:\/\/www.netbet.com\/br\/blog\/\",\"name\":\"NetBet BR Blog\",\"description\":\"\",\"publisher\":{\"@id\":\"https:\/\/www.netbet.com\/br\/blog\/#organization\"},\"potentialAction\":[{\"@type\":\"SearchAction\",\"target\":{\"@type\":\"EntryPoint\",\"urlTemplate\":\"https:\/\/www.netbet.com\/br\/blog\/?s={search_term_string}\"},\"query-input\":{\"@type\":\"PropertyValueSpecification\",\"valueRequired\":true,\"valueName\":\"search_term_string\"}}],\"inLanguage\":\"pt-BR\"},{\"@type\":\"Organization\",\"@id\":\"https:\/\/www.netbet.com\/br\/blog\/#organization\",\"name\":\"NetBet\",\"url\":\"https:\/\/www.netbet.com\/br\/blog\/\",\"logo\":{\"@type\":\"ImageObject\",\"inLanguage\":\"pt-BR\",\"@id\":\"https:\/\/www.netbet.com\/br\/blog\/#\/schema\/logo\/image\/\",\"url\":\"https:\/\/www.netbet.com\/br\/blog\/wp-content\/uploads\/2018\/04\/netbet-logo.png\",\"contentUrl\":\"https:\/\/www.netbet.com\/br\/blog\/wp-content\/uploads\/2018\/04\/netbet-logo.png\",\"width\":320,\"height\":230,\"caption\":\"NetBet\"},\"image\":{\"@id\":\"https:\/\/www.netbet.com\/br\/blog\/#\/schema\/logo\/image\/\"},\"sameAs\":[\"https:\/\/www.facebook.com\/netbetcom\",\"https:\/\/x.com\/netbet\",\"https:\/\/www.instagram.com\/netbetsport\/\",\"https:\/\/ro.pinterest.com\/netbetcom\/\"]},{\"@type\":\"Person\",\"@id\":\"https:\/\/www.netbet.com\/br\/blog\/#\/schema\/person\/71d5438006361e929a12bc7a97d4728e\",\"name\":\"admin\",\"image\":{\"@type\":\"ImageObject\",\"inLanguage\":\"pt-BR\",\"@id\":\"https:\/\/www.netbet.com\/br\/blog\/#\/schema\/person\/image\/\",\"url\":\"https:\/\/secure.gravatar.com\/avatar\/7b5a865bc5f24d98d2e64f5ed06e586d71ad071c314dd61391d409e80b723a28?s=96&d=mm&r=g\",\"contentUrl\":\"https:\/\/secure.gravatar.com\/avatar\/7b5a865bc5f24d98d2e64f5ed06e586d71ad071c314dd61391d409e80b723a28?s=96&d=mm&r=g\",\"caption\":\"admin\"},\"url\":\"https:\/\/www.netbet.com\/br\/blog\/author\/admin\/\"}]}<\/script>\n<!-- \/ Yoast SEO plugin. -->","yoast_head_json":{"title":"A rela\u00e7\u00e3o entre consumo e sustentabilidade dos fabricantes de autom\u00f3veis e o aquecimento global | NetBet BR Blog","description":"Em um levantamento realizado pela NetBet, ficou claro que quase um ter\u00e7o do total dos danos ao meio ambiente na rela\u00e7\u00e3o entre consumo e sustentabilidade...","robots":{"index":"index","follow":"follow","max-snippet":"max-snippet:-1","max-image-preview":"max-image-preview:large","max-video-preview":"max-video-preview:-1"},"canonical":"https:\/\/www.netbet.com\/br\/blog\/2020\/07\/09\/consumo-sustentabilidade\/","og_locale":"pt_BR","og_type":"article","og_title":"A rela\u00e7\u00e3o entre consumo e sustentabilidade dos fabricantes de autom\u00f3veis e o aquecimento global | NetBet BR Blog","og_description":"Em um levantamento realizado pela NetBet, ficou claro que quase um ter\u00e7o do total dos danos ao meio ambiente na rela\u00e7\u00e3o entre consumo e sustentabilidade...","og_url":"https:\/\/www.netbet.com\/br\/blog\/2020\/07\/09\/consumo-sustentabilidade\/","og_site_name":"NetBet BR Blog","article_publisher":"https:\/\/www.facebook.com\/netbetcom","article_published_time":"2020-07-09T16:19:27+00:00","og_image":[{"width":1230,"height":630,"url":"https:\/\/www.netbet.com\/br\/blog\/wp-content\/uploads\/2020\/07\/car-logos.jpg","type":"image\/jpeg"}],"author":"admin","twitter_card":"summary_large_image","twitter_creator":"@netbet","twitter_site":"@netbet","twitter_misc":{"Escrito por":"admin","Est. tempo de leitura":"4 minutos"},"schema":{"@context":"https:\/\/schema.org","@graph":[{"@type":"Article","@id":"https:\/\/www.netbet.com\/br\/blog\/2020\/07\/09\/consumo-sustentabilidade\/#article","isPartOf":{"@id":"https:\/\/www.netbet.com\/br\/blog\/2020\/07\/09\/consumo-sustentabilidade\/"},"author":{"name":"admin","@id":"https:\/\/www.netbet.com\/br\/blog\/#\/schema\/person\/71d5438006361e929a12bc7a97d4728e"},"headline":"A rela\u00e7\u00e3o entre consumo e sustentabilidade dos fabricantes de autom\u00f3veis e o aquecimento global","datePublished":"2020-07-09T16:19:27+00:00","mainEntityOfPage":{"@id":"https:\/\/www.netbet.com\/br\/blog\/2020\/07\/09\/consumo-sustentabilidade\/"},"wordCount":809,"publisher":{"@id":"https:\/\/www.netbet.com\/br\/blog\/#organization"},"image":{"@id":"https:\/\/www.netbet.com\/br\/blog\/2020\/07\/09\/consumo-sustentabilidade\/#primaryimage"},"thumbnailUrl":"https:\/\/www.netbet.com\/br\/blog\/wp-content\/uploads\/2020\/07\/car-logos.jpg","keywords":["aquecimento global","carros","carros poluentes","como ser sustentavel","consumo consciente e sustentabilidade","consumo e sustentabilidade","consumo respons\u00e1vel","consumo sustent\u00e1vel","emiss\u00e3o de gases poluentes","emiss\u00f5es veiculares","fabricantes automotivas","impactos das mudan\u00e7as climaticas","mudan\u00e7as climaticas globais","mudan\u00e7as climaticas no mundo","planeta sustent\u00e1vel","poluicao","veiculos"],"articleSection":["Not\u00edcias"],"inLanguage":"pt-BR"},{"@type":"WebPage","@id":"https:\/\/www.netbet.com\/br\/blog\/2020\/07\/09\/consumo-sustentabilidade\/","url":"https:\/\/www.netbet.com\/br\/blog\/2020\/07\/09\/consumo-sustentabilidade\/","name":"A rela\u00e7\u00e3o entre consumo e sustentabilidade dos fabricantes de autom\u00f3veis e o aquecimento global | NetBet BR Blog","isPartOf":{"@id":"https:\/\/www.netbet.com\/br\/blog\/#website"},"primaryImageOfPage":{"@id":"https:\/\/www.netbet.com\/br\/blog\/2020\/07\/09\/consumo-sustentabilidade\/#primaryimage"},"image":{"@id":"https:\/\/www.netbet.com\/br\/blog\/2020\/07\/09\/consumo-sustentabilidade\/#primaryimage"},"thumbnailUrl":"https:\/\/www.netbet.com\/br\/blog\/wp-content\/uploads\/2020\/07\/car-logos.jpg","datePublished":"2020-07-09T16:19:27+00:00","description":"Em um levantamento realizado pela NetBet, ficou claro que quase um ter\u00e7o do total dos danos ao meio ambiente na rela\u00e7\u00e3o entre consumo e sustentabilidade...","breadcrumb":{"@id":"https:\/\/www.netbet.com\/br\/blog\/2020\/07\/09\/consumo-sustentabilidade\/#breadcrumb"},"inLanguage":"pt-BR","potentialAction":[{"@type":"ReadAction","target":["https:\/\/www.netbet.com\/br\/blog\/2020\/07\/09\/consumo-sustentabilidade\/"]}]},{"@type":"ImageObject","inLanguage":"pt-BR","@id":"https:\/\/www.netbet.com\/br\/blog\/2020\/07\/09\/consumo-sustentabilidade\/#primaryimage","url":"https:\/\/www.netbet.com\/br\/blog\/wp-content\/uploads\/2020\/07\/car-logos.jpg","contentUrl":"https:\/\/www.netbet.com\/br\/blog\/wp-content\/uploads\/2020\/07\/car-logos.jpg","width":1230,"height":630},{"@type":"BreadcrumbList","@id":"https:\/\/www.netbet.com\/br\/blog\/2020\/07\/09\/consumo-sustentabilidade\/#breadcrumb","itemListElement":[{"@type":"ListItem","position":1,"name":"Home","item":"https:\/\/www.netbet.com\/br\/blog\/"},{"@type":"ListItem","position":2,"name":"A rela\u00e7\u00e3o entre consumo e sustentabilidade dos fabricantes de autom\u00f3veis e o aquecimento global"}]},{"@type":"WebSite","@id":"https:\/\/www.netbet.com\/br\/blog\/#website","url":"https:\/\/www.netbet.com\/br\/blog\/","name":"NetBet BR Blog","description":"","publisher":{"@id":"https:\/\/www.netbet.com\/br\/blog\/#organization"},"potentialAction":[{"@type":"SearchAction","target":{"@type":"EntryPoint","urlTemplate":"https:\/\/www.netbet.com\/br\/blog\/?s={search_term_string}"},"query-input":{"@type":"PropertyValueSpecification","valueRequired":true,"valueName":"search_term_string"}}],"inLanguage":"pt-BR"},{"@type":"Organization","@id":"https:\/\/www.netbet.com\/br\/blog\/#organization","name":"NetBet","url":"https:\/\/www.netbet.com\/br\/blog\/","logo":{"@type":"ImageObject","inLanguage":"pt-BR","@id":"https:\/\/www.netbet.com\/br\/blog\/#\/schema\/logo\/image\/","url":"https:\/\/www.netbet.com\/br\/blog\/wp-content\/uploads\/2018\/04\/netbet-logo.png","contentUrl":"https:\/\/www.netbet.com\/br\/blog\/wp-content\/uploads\/2018\/04\/netbet-logo.png","width":320,"height":230,"caption":"NetBet"},"image":{"@id":"https:\/\/www.netbet.com\/br\/blog\/#\/schema\/logo\/image\/"},"sameAs":["https:\/\/www.facebook.com\/netbetcom","https:\/\/x.com\/netbet","https:\/\/www.instagram.com\/netbetsport\/","https:\/\/ro.pinterest.com\/netbetcom\/"]},{"@type":"Person","@id":"https:\/\/www.netbet.com\/br\/blog\/#\/schema\/person\/71d5438006361e929a12bc7a97d4728e","name":"admin","image":{"@type":"ImageObject","inLanguage":"pt-BR","@id":"https:\/\/www.netbet.com\/br\/blog\/#\/schema\/person\/image\/","url":"https:\/\/secure.gravatar.com\/avatar\/7b5a865bc5f24d98d2e64f5ed06e586d71ad071c314dd61391d409e80b723a28?s=96&d=mm&r=g","contentUrl":"https:\/\/secure.gravatar.com\/avatar\/7b5a865bc5f24d98d2e64f5ed06e586d71ad071c314dd61391d409e80b723a28?s=96&d=mm&r=g","caption":"admin"},"url":"https:\/\/www.netbet.com\/br\/blog\/author\/admin\/"}]}},"amp_enabled":true,"post_mailing_queue_ids":[],"_links":{"self":[{"href":"https:\/\/www.netbet.com\/br\/blog\/wp-json\/wp\/v2\/posts\/7120","targetHints":{"allow":["GET"]}}],"collection":[{"href":"https:\/\/www.netbet.com\/br\/blog\/wp-json\/wp\/v2\/posts"}],"about":[{"href":"https:\/\/www.netbet.com\/br\/blog\/wp-json\/wp\/v2\/types\/post"}],"author":[{"embeddable":true,"href":"https:\/\/www.netbet.com\/br\/blog\/wp-json\/wp\/v2\/users\/2"}],"replies":[{"embeddable":true,"href":"https:\/\/www.netbet.com\/br\/blog\/wp-json\/wp\/v2\/comments?post=7120"}],"version-history":[{"count":1,"href":"https:\/\/www.netbet.com\/br\/blog\/wp-json\/wp\/v2\/posts\/7120\/revisions"}],"predecessor-version":[{"id":7125,"href":"https:\/\/www.netbet.com\/br\/blog\/wp-json\/wp\/v2\/posts\/7120\/revisions\/7125"}],"wp:featuredmedia":[{"embeddable":true,"href":"https:\/\/www.netbet.com\/br\/blog\/wp-json\/wp\/v2\/media\/7123"}],"wp:attachment":[{"href":"https:\/\/www.netbet.com\/br\/blog\/wp-json\/wp\/v2\/media?parent=7120"}],"wp:term":[{"taxonomy":"category","embeddable":true,"href":"https:\/\/www.netbet.com\/br\/blog\/wp-json\/wp\/v2\/categories?post=7120"},{"taxonomy":"post_tag","embeddable":true,"href":"https:\/\/www.netbet.com\/br\/blog\/wp-json\/wp\/v2\/tags?post=7120"}],"curies":[{"name":"wp","href":"https:\/\/api.w.org\/{rel}","templated":true}]}}